{"id":2013,"date":"2025-09-02T09:49:54","date_gmt":"2025-09-02T13:49:54","guid":{"rendered":"https:\/\/ludiq.org\/non-categorise\/collaboration-avec-les-piliers-verts-visite-de-laire-ecologique-millette\/"},"modified":"2025-09-02T09:49:54","modified_gmt":"2025-09-02T13:49:54","slug":"collaboration-avec-les-piliers-verts-visite-de-laire-ecologique-millette","status":"publish","type":"post","link":"https:\/\/ludiq.org\/en\/news\/collaboration-avec-les-piliers-verts-visite-de-laire-ecologique-millette\/","title":{"rendered":"Collaboration avec les Piliers Verts &#8211; visite de l&#8217;Aire \u00e9cologique Millette"},"content":{"rendered":"<p>L\u00dcDIQ\u00a0a r\u00e9cemment \u00e9chang\u00e9 avec l&#8217;organisme Piliers Verts, qui a comme mission de promouvoir une culture \u00e9cologique et solidaire en d\u00e9veloppant des pratiques urbaines et rurales durables. \ud83c\udf33<\/p>\n<p>Leur \u00e9quipe a visit\u00e9 l&#8217;aire \u00e9cologique de la rivi\u00e8re Millette, qui avoisine le futur site de L\u00dcDIQ, \u00e0 Trois-Rivi\u00e8res.<\/p>\n<p>En plus de la proximit\u00e9 avec ce riche milieu naturel prot\u00e9g\u00e9, plus de 70 % des zones bois\u00e9es qui se trouvent sur le site du projet L\u00dcDIQ seront pr\u00e9serv\u00e9es afin d&#8217;offrir des terrains de jeu ext\u00e9rieurs naturels aux enfants.<\/p>\n","protected":false},"excerpt":{"rendered":"<p>L\u00dcDIQ\u00a0a r\u00e9cemment \u00e9chang\u00e9 avec l&#8217;organisme Piliers Verts, qui a comme mission de promouvoir une culture \u00e9cologique et solidaire en d\u00e9veloppant&hellip; <a class=\"more-link\" href=\"https:\/\/ludiq.org\/en\/news\/collaboration-avec-les-piliers-verts-visite-de-laire-ecologique-millette\/\">Continue reading <span class=\"screen-reader-text\">Collaboration avec les Piliers Verts &#8211; visite de l&#8217;Aire \u00e9cologique Millette<\/span><\/a><\/p>\n","protected":false},"author":2,"featured_media":2014,"comment_status":"closed","ping_status":"closed","sticky":false,"template":"","format":"standard","meta":{"_acf_changed":false,"footnotes":""},"categories":[24,25],"tags":[],"class_list":["post-2013","post","type-post","status-publish","format-standard","has-post-thumbnail","hentry","category-news","category-actualites","entry"],"acf":[],"yoast_head":"<!-- This site is optimized with the Yoast SEO plugin v27.0 - https:\/\/yoast.com\/product\/yoast-seo-wordpress\/ -->\n<title>Collaboration avec les Piliers Verts - visite de l&#039;Aire \u00e9cologique Millette<\/title>\n<meta name=\"description\" content=\"L\u00dcDIQ\u00a0a r\u00e9cemment \u00e9chang\u00e9 avec l&#039;organisme Piliers Verts, qui a comme mission de promouvoir une culture \u00e9cologique et solidaire en d\u00e9veloppant des\" \/>\n<meta name=\"robots\" content=\"index, follow, max-snippet:-1, max-image-preview:large, max-video-preview:-1\" \/>\n<link rel=\"canonical\" href=\"https:\/\/ludiq.org\/en\/non-categorise\/collaboration-avec-les-piliers-verts-visite-de-laire-ecologique-millette\/\" \/>\n<meta property=\"og:locale\" content=\"en_US\" \/>\n<meta property=\"og:type\" content=\"article\" \/>\n<meta property=\"og:title\" content=\"Collaboration avec les Piliers Verts - visite de l&#039;Aire \u00e9cologique Millette\" \/>\n<meta property=\"og:description\" content=\"L\u00dcDIQ\u00a0a r\u00e9cemment \u00e9chang\u00e9 avec l&#039;organisme Piliers Verts, qui a comme mission de promouvoir une culture \u00e9cologique et solidaire en d\u00e9veloppant des\" \/>\n<meta property=\"og:url\" content=\"https:\/\/ludiq.org\/en\/non-categorise\/collaboration-avec-les-piliers-verts-visite-de-laire-ecologique-millette\/\" \/>\n<meta property=\"og:site_name\" content=\"L\u00dcDIQ\" \/>\n<meta property=\"article:publisher\" content=\"https:\/\/www.facebook.com\/ludiq.org?locale=fr_CA\" \/>\n<meta property=\"article:published_time\" content=\"2025-09-02T13:49:54+00:00\" \/>\n<meta name=\"author\" content=\"Ludiq\" \/>\n<meta name=\"twitter:card\" content=\"summary_large_image\" \/>\n<meta name=\"twitter:label1\" content=\"Written by\" \/>\n\t<meta name=\"twitter:data1\" content=\"Ludiq\" \/>\n<script type=\"application\/ld+json\" class=\"yoast-schema-graph\">{\"@context\":\"https:\/\/schema.org\",\"@graph\":[{\"@type\":\"Article\",\"@id\":\"https:\/\/ludiq.org\/en\/non-categorise\/collaboration-avec-les-piliers-verts-visite-de-laire-ecologique-millette\/#article\",\"isPartOf\":{\"@id\":\"https:\/\/ludiq.org\/en\/non-categorise\/collaboration-avec-les-piliers-verts-visite-de-laire-ecologique-millette\/\"},\"author\":{\"name\":\"Ludiq\",\"@id\":\"https:\/\/ludiq.org\/#\/schema\/person\/020eab52aa327bd992f78c1e8ecbf126\"},\"headline\":\"Collaboration avec les Piliers Verts &#8211; visite de l&#8217;Aire \u00e9cologique Millette\",\"datePublished\":\"2025-09-02T13:49:54+00:00\",\"mainEntityOfPage\":{\"@id\":\"https:\/\/ludiq.org\/en\/non-categorise\/collaboration-avec-les-piliers-verts-visite-de-laire-ecologique-millette\/\"},\"wordCount\":109,\"publisher\":{\"@id\":\"https:\/\/ludiq.org\/#organization\"},\"image\":{\"@id\":\"https:\/\/ludiq.org\/en\/non-categorise\/collaboration-avec-les-piliers-verts-visite-de-laire-ecologique-millette\/#primaryimage\"},\"thumbnailUrl\":\"https:\/\/ludiq.org\/wp-content\/uploads\/2025\/09\/1757017348629.jpeg\",\"articleSection\":[\"News\",\"News\"],\"inLanguage\":\"en-CA\"},{\"@type\":\"WebPage\",\"@id\":\"https:\/\/ludiq.org\/en\/non-categorise\/collaboration-avec-les-piliers-verts-visite-de-laire-ecologique-millette\/\",\"url\":\"https:\/\/ludiq.org\/en\/non-categorise\/collaboration-avec-les-piliers-verts-visite-de-laire-ecologique-millette\/\",\"name\":\"Collaboration avec les Piliers Verts - visite de l'Aire \u00e9cologique Millette\",\"isPartOf\":{\"@id\":\"https:\/\/ludiq.org\/#website\"},\"primaryImageOfPage\":{\"@id\":\"https:\/\/ludiq.org\/en\/non-categorise\/collaboration-avec-les-piliers-verts-visite-de-laire-ecologique-millette\/#primaryimage\"},\"image\":{\"@id\":\"https:\/\/ludiq.org\/en\/non-categorise\/collaboration-avec-les-piliers-verts-visite-de-laire-ecologique-millette\/#primaryimage\"},\"thumbnailUrl\":\"https:\/\/ludiq.org\/wp-content\/uploads\/2025\/09\/1757017348629.jpeg\",\"datePublished\":\"2025-09-02T13:49:54+00:00\",\"description\":\"L\u00dcDIQ\u00a0a r\u00e9cemment \u00e9chang\u00e9 avec l'organisme Piliers Verts, qui a comme mission de promouvoir une culture \u00e9cologique et solidaire en d\u00e9veloppant des\",\"breadcrumb\":{\"@id\":\"https:\/\/ludiq.org\/en\/non-categorise\/collaboration-avec-les-piliers-verts-visite-de-laire-ecologique-millette\/#breadcrumb\"},\"inLanguage\":\"en-CA\",\"potentialAction\":[{\"@type\":\"ReadAction\",\"target\":[\"https:\/\/ludiq.org\/en\/non-categorise\/collaboration-avec-les-piliers-verts-visite-de-laire-ecologique-millette\/\"]}]},{\"@type\":\"ImageObject\",\"inLanguage\":\"en-CA\",\"@id\":\"https:\/\/ludiq.org\/en\/non-categorise\/collaboration-avec-les-piliers-verts-visite-de-laire-ecologique-millette\/#primaryimage\",\"url\":\"https:\/\/ludiq.org\/wp-content\/uploads\/2025\/09\/1757017348629.jpeg\",\"contentUrl\":\"https:\/\/ludiq.org\/wp-content\/uploads\/2025\/09\/1757017348629.jpeg\",\"width\":1200,\"height\":800},{\"@type\":\"BreadcrumbList\",\"@id\":\"https:\/\/ludiq.org\/en\/non-categorise\/collaboration-avec-les-piliers-verts-visite-de-laire-ecologique-millette\/#breadcrumb\",\"itemListElement\":[{\"@type\":\"ListItem\",\"position\":1,\"name\":\"Accueil\",\"item\":\"https:\/\/ludiq.org\/en\/\"},{\"@type\":\"ListItem\",\"position\":2,\"name\":\"Collaboration avec les Piliers Verts &#8211; visite de l&#8217;Aire \u00e9cologique Millette\"}]},{\"@type\":\"WebSite\",\"@id\":\"https:\/\/ludiq.org\/#website\",\"url\":\"https:\/\/ludiq.org\/\",\"name\":\"L\u00dcDIQ\",\"description\":\"B\u00e2tir pour l&#039;enfance\",\"publisher\":{\"@id\":\"https:\/\/ludiq.org\/#organization\"},\"potentialAction\":[{\"@type\":\"SearchAction\",\"target\":{\"@type\":\"EntryPoint\",\"urlTemplate\":\"https:\/\/ludiq.org\/?s={search_term_string}\"},\"query-input\":{\"@type\":\"PropertyValueSpecification\",\"valueRequired\":true,\"valueName\":\"search_term_string\"}}],\"inLanguage\":\"en-CA\"},{\"@type\":\"Organization\",\"@id\":\"https:\/\/ludiq.org\/#organization\",\"name\":\"L\u00dcDIQ\",\"url\":\"https:\/\/ludiq.org\/\",\"logo\":{\"@type\":\"ImageObject\",\"inLanguage\":\"en-CA\",\"@id\":\"https:\/\/ludiq.org\/#\/schema\/logo\/image\/\",\"url\":\"https:\/\/ludiq.org\/wp-content\/uploads\/2025\/07\/favicon.png\",\"contentUrl\":\"https:\/\/ludiq.org\/wp-content\/uploads\/2025\/07\/favicon.png\",\"width\":33,\"height\":33,\"caption\":\"L\u00dcDIQ\"},\"image\":{\"@id\":\"https:\/\/ludiq.org\/#\/schema\/logo\/image\/\"},\"sameAs\":[\"https:\/\/www.facebook.com\/ludiq.org?locale=fr_CA\",\"https:\/\/www.linkedin.com\/company\/ldiq\/posts\/\",\"https:\/\/www.instagram.com\/ludiq_obnl\/\"]},{\"@type\":\"Person\",\"@id\":\"https:\/\/ludiq.org\/#\/schema\/person\/020eab52aa327bd992f78c1e8ecbf126\",\"name\":\"Ludiq\",\"url\":\"https:\/\/ludiq.org\/en\/author\/ludiq\/\"}]}<\/script>\n<!-- \/ Yoast SEO plugin. -->","yoast_head_json":{"title":"Collaboration avec les Piliers Verts - visite de l'Aire \u00e9cologique Millette","description":"L\u00dcDIQ\u00a0a r\u00e9cemment \u00e9chang\u00e9 avec l'organisme Piliers Verts, qui a comme mission de promouvoir une culture \u00e9cologique et solidaire en d\u00e9veloppant des","robots":{"index":"index","follow":"follow","max-snippet":"max-snippet:-1","max-image-preview":"max-image-preview:large","max-video-preview":"max-video-preview:-1"},"canonical":"https:\/\/ludiq.org\/en\/non-categorise\/collaboration-avec-les-piliers-verts-visite-de-laire-ecologique-millette\/","og_locale":"en_US","og_type":"article","og_title":"Collaboration avec les Piliers Verts - visite de l'Aire \u00e9cologique Millette","og_description":"L\u00dcDIQ\u00a0a r\u00e9cemment \u00e9chang\u00e9 avec l'organisme Piliers Verts, qui a comme mission de promouvoir une culture \u00e9cologique et solidaire en d\u00e9veloppant des","og_url":"https:\/\/ludiq.org\/en\/non-categorise\/collaboration-avec-les-piliers-verts-visite-de-laire-ecologique-millette\/","og_site_name":"L\u00dcDIQ","article_publisher":"https:\/\/www.facebook.com\/ludiq.org?locale=fr_CA","article_published_time":"2025-09-02T13:49:54+00:00","author":"Ludiq","twitter_card":"summary_large_image","twitter_misc":{"Written by":"Ludiq"},"schema":{"@context":"https:\/\/schema.org","@graph":[{"@type":"Article","@id":"https:\/\/ludiq.org\/en\/non-categorise\/collaboration-avec-les-piliers-verts-visite-de-laire-ecologique-millette\/#article","isPartOf":{"@id":"https:\/\/ludiq.org\/en\/non-categorise\/collaboration-avec-les-piliers-verts-visite-de-laire-ecologique-millette\/"},"author":{"name":"Ludiq","@id":"https:\/\/ludiq.org\/#\/schema\/person\/020eab52aa327bd992f78c1e8ecbf126"},"headline":"Collaboration avec les Piliers Verts &#8211; visite de l&#8217;Aire \u00e9cologique Millette","datePublished":"2025-09-02T13:49:54+00:00","mainEntityOfPage":{"@id":"https:\/\/ludiq.org\/en\/non-categorise\/collaboration-avec-les-piliers-verts-visite-de-laire-ecologique-millette\/"},"wordCount":109,"publisher":{"@id":"https:\/\/ludiq.org\/#organization"},"image":{"@id":"https:\/\/ludiq.org\/en\/non-categorise\/collaboration-avec-les-piliers-verts-visite-de-laire-ecologique-millette\/#primaryimage"},"thumbnailUrl":"https:\/\/ludiq.org\/wp-content\/uploads\/2025\/09\/1757017348629.jpeg","articleSection":["News","News"],"inLanguage":"en-CA"},{"@type":"WebPage","@id":"https:\/\/ludiq.org\/en\/non-categorise\/collaboration-avec-les-piliers-verts-visite-de-laire-ecologique-millette\/","url":"https:\/\/ludiq.org\/en\/non-categorise\/collaboration-avec-les-piliers-verts-visite-de-laire-ecologique-millette\/","name":"Collaboration avec les Piliers Verts - visite de l'Aire \u00e9cologique Millette","isPartOf":{"@id":"https:\/\/ludiq.org\/#website"},"primaryImageOfPage":{"@id":"https:\/\/ludiq.org\/en\/non-categorise\/collaboration-avec-les-piliers-verts-visite-de-laire-ecologique-millette\/#primaryimage"},"image":{"@id":"https:\/\/ludiq.org\/en\/non-categorise\/collaboration-avec-les-piliers-verts-visite-de-laire-ecologique-millette\/#primaryimage"},"thumbnailUrl":"https:\/\/ludiq.org\/wp-content\/uploads\/2025\/09\/1757017348629.jpeg","datePublished":"2025-09-02T13:49:54+00:00","description":"L\u00dcDIQ\u00a0a r\u00e9cemment \u00e9chang\u00e9 avec l'organisme Piliers Verts, qui a comme mission de promouvoir une culture \u00e9cologique et solidaire en d\u00e9veloppant des","breadcrumb":{"@id":"https:\/\/ludiq.org\/en\/non-categorise\/collaboration-avec-les-piliers-verts-visite-de-laire-ecologique-millette\/#breadcrumb"},"inLanguage":"en-CA","potentialAction":[{"@type":"ReadAction","target":["https:\/\/ludiq.org\/en\/non-categorise\/collaboration-avec-les-piliers-verts-visite-de-laire-ecologique-millette\/"]}]},{"@type":"ImageObject","inLanguage":"en-CA","@id":"https:\/\/ludiq.org\/en\/non-categorise\/collaboration-avec-les-piliers-verts-visite-de-laire-ecologique-millette\/#primaryimage","url":"https:\/\/ludiq.org\/wp-content\/uploads\/2025\/09\/1757017348629.jpeg","contentUrl":"https:\/\/ludiq.org\/wp-content\/uploads\/2025\/09\/1757017348629.jpeg","width":1200,"height":800},{"@type":"BreadcrumbList","@id":"https:\/\/ludiq.org\/en\/non-categorise\/collaboration-avec-les-piliers-verts-visite-de-laire-ecologique-millette\/#breadcrumb","itemListElement":[{"@type":"ListItem","position":1,"name":"Accueil","item":"https:\/\/ludiq.org\/en\/"},{"@type":"ListItem","position":2,"name":"Collaboration avec les Piliers Verts &#8211; visite de l&#8217;Aire \u00e9cologique Millette"}]},{"@type":"WebSite","@id":"https:\/\/ludiq.org\/#website","url":"https:\/\/ludiq.org\/","name":"L\u00dcDIQ","description":"B\u00e2tir pour l&#039;enfance","publisher":{"@id":"https:\/\/ludiq.org\/#organization"},"potentialAction":[{"@type":"SearchAction","target":{"@type":"EntryPoint","urlTemplate":"https:\/\/ludiq.org\/?s={search_term_string}"},"query-input":{"@type":"PropertyValueSpecification","valueRequired":true,"valueName":"search_term_string"}}],"inLanguage":"en-CA"},{"@type":"Organization","@id":"https:\/\/ludiq.org\/#organization","name":"L\u00dcDIQ","url":"https:\/\/ludiq.org\/","logo":{"@type":"ImageObject","inLanguage":"en-CA","@id":"https:\/\/ludiq.org\/#\/schema\/logo\/image\/","url":"https:\/\/ludiq.org\/wp-content\/uploads\/2025\/07\/favicon.png","contentUrl":"https:\/\/ludiq.org\/wp-content\/uploads\/2025\/07\/favicon.png","width":33,"height":33,"caption":"L\u00dcDIQ"},"image":{"@id":"https:\/\/ludiq.org\/#\/schema\/logo\/image\/"},"sameAs":["https:\/\/www.facebook.com\/ludiq.org?locale=fr_CA","https:\/\/www.linkedin.com\/company\/ldiq\/posts\/","https:\/\/www.instagram.com\/ludiq_obnl\/"]},{"@type":"Person","@id":"https:\/\/ludiq.org\/#\/schema\/person\/020eab52aa327bd992f78c1e8ecbf126","name":"Ludiq","url":"https:\/\/ludiq.org\/en\/author\/ludiq\/"}]}},"_links":{"self":[{"href":"https:\/\/ludiq.org\/en\/wp-json\/wp\/v2\/posts\/2013","targetHints":{"allow":["GET"]}}],"collection":[{"href":"https:\/\/ludiq.org\/en\/wp-json\/wp\/v2\/posts"}],"about":[{"href":"https:\/\/ludiq.org\/en\/wp-json\/wp\/v2\/types\/post"}],"author":[{"embeddable":true,"href":"https:\/\/ludiq.org\/en\/wp-json\/wp\/v2\/users\/2"}],"replies":[{"embeddable":true,"href":"https:\/\/ludiq.org\/en\/wp-json\/wp\/v2\/comments?post=2013"}],"version-history":[{"count":0,"href":"https:\/\/ludiq.org\/en\/wp-json\/wp\/v2\/posts\/2013\/revisions"}],"wp:featuredmedia":[{"embeddable":true,"href":"https:\/\/ludiq.org\/en\/wp-json\/wp\/v2\/media\/2014"}],"wp:attachment":[{"href":"https:\/\/ludiq.org\/en\/wp-json\/wp\/v2\/media?parent=2013"}],"wp:term":[{"taxonomy":"category","embeddable":true,"href":"https:\/\/ludiq.org\/en\/wp-json\/wp\/v2\/categories?post=2013"},{"taxonomy":"post_tag","embeddable":true,"href":"https:\/\/ludiq.org\/en\/wp-json\/wp\/v2\/tags?post=2013"}],"curies":[{"name":"wp","href":"https:\/\/api.w.org\/{rel}","templated":true}]}}