{"id":2004,"date":"2025-09-19T09:47:45","date_gmt":"2025-09-19T13:47:45","guid":{"rendered":"https:\/\/ludiq.org\/non-categorise\/visite-de-la-ville-de-la-tuque-et-du-conseil-de-la-nation-atikamek\/"},"modified":"2025-09-19T09:47:45","modified_gmt":"2025-09-19T13:47:45","slug":"visite-de-la-ville-de-la-tuque-et-du-conseil-de-la-nation-atikamek","status":"publish","type":"post","link":"https:\/\/ludiq.org\/en\/news\/visite-de-la-ville-de-la-tuque-et-du-conseil-de-la-nation-atikamek\/","title":{"rendered":"Visite de la Ville de La Tuque et du Conseil de la Nation Atikamek"},"content":{"rendered":"<p><img loading=\"lazy\" decoding=\"async\" class=\"alignnone wp-image-1228 size-large\" src=\"https:\/\/ludiq.org\/wp-content\/uploads\/2025\/09\/1758723500161-1024x1024.jpeg\" alt=\"\" width=\"750\" height=\"750\" srcset=\"https:\/\/ludiq.org\/wp-content\/uploads\/2025\/09\/1758723500161-1024x1024.jpeg 1024w, https:\/\/ludiq.org\/wp-content\/uploads\/2025\/09\/1758723500161-300x300.jpeg 300w, https:\/\/ludiq.org\/wp-content\/uploads\/2025\/09\/1758723500161-150x150.jpeg 150w, https:\/\/ludiq.org\/wp-content\/uploads\/2025\/09\/1758723500161-768x768.jpeg 768w, https:\/\/ludiq.org\/wp-content\/uploads\/2025\/09\/1758723500161.jpeg 1200w\" sizes=\"auto, (max-width: 750px) 100vw, 750px\" \/><\/p>\n<p>Le 19 septembre 2025, L\u00dcDIQ a re\u00e7u la visite de plusieurs personnes importantes de la ville de La Tuque :<br \/>\n&#8211; <a id=\"ember1196\" class=\"ember-view\" tabindex=\"0\" href=\"https:\/\/www.linkedin.com\/in\/tommy-d%C3%A9ziel-740709114\/\">Tommy D\u00e9ziel<\/a>, directeur du service \u00e9conomique et forestier<br \/>\n&#8211; Yann G\u00e9linas, directeur g\u00e9n\u00e9ral du Conseil de la Nation Atikamekw<br \/>\n&#8211; <a id=\"ember1197\" class=\"ember-view\" tabindex=\"0\" href=\"https:\/\/www.linkedin.com\/in\/julie-no%C3%ABl-287094ab\/\">Julie No\u00ebl<\/a>, directrice adjointe du service de d\u00e9veloppement \u00e9conomique et responsable du chantier de d\u00e9veloppement social<\/p>\n<p>Cette rencontre a permis de partager sur nos approches en mati\u00e8re de logement et de d\u00e9veloppement social. Elle a ouvert la porte \u00e0 des projets inspirants qui pourraient voir le jour et \u00e0 une future collaboration.<\/p>\n<p>&nbsp;<\/p>\n","protected":false},"excerpt":{"rendered":"<p>Le 19 septembre 2025, L\u00dcDIQ a re\u00e7u la visite de plusieurs personnes importantes de la ville de La Tuque :&hellip; <a class=\"more-link\" href=\"https:\/\/ludiq.org\/en\/news\/visite-de-la-ville-de-la-tuque-et-du-conseil-de-la-nation-atikamek\/\">Continue reading <span class=\"screen-reader-text\">Visite de la Ville de La Tuque et du Conseil de la Nation Atikamek<\/span><\/a><\/p>\n","protected":false},"author":2,"featured_media":2005,"comment_status":"closed","ping_status":"closed","sticky":false,"template":"","format":"standard","meta":{"_acf_changed":false,"footnotes":""},"categories":[24,25],"tags":[],"class_list":["post-2004","post","type-post","status-publish","format-standard","has-post-thumbnail","hentry","category-news","category-actualites","entry"],"acf":[],"yoast_head":"<!-- This site is optimized with the Yoast SEO plugin v27.0 - https:\/\/yoast.com\/product\/yoast-seo-wordpress\/ -->\n<title>Visite de la Ville de La Tuque et du Conseil de la Nation Atikamek<\/title>\n<meta name=\"description\" content=\"Le 19 septembre 2025, L\u00dcDIQ a re\u00e7u la visite de plusieurs personnes importantes de la ville de La Tuque : - Tommy D\u00e9ziel, directeur du service \u00e9conomique\" \/>\n<meta name=\"robots\" content=\"index, follow, max-snippet:-1, max-image-preview:large, max-video-preview:-1\" \/>\n<link rel=\"canonical\" href=\"https:\/\/ludiq.org\/en\/non-categorise\/visite-de-la-ville-de-la-tuque-et-du-conseil-de-la-nation-atikamek\/\" \/>\n<meta property=\"og:locale\" content=\"en_US\" \/>\n<meta property=\"og:type\" content=\"article\" \/>\n<meta property=\"og:title\" content=\"Visite de la Ville de La Tuque et du Conseil de la Nation Atikamek\" \/>\n<meta property=\"og:description\" content=\"Le 19 septembre 2025, L\u00dcDIQ a re\u00e7u la visite de plusieurs personnes importantes de la ville de La Tuque : - Tommy D\u00e9ziel, directeur du service \u00e9conomique\" \/>\n<meta property=\"og:url\" content=\"https:\/\/ludiq.org\/en\/non-categorise\/visite-de-la-ville-de-la-tuque-et-du-conseil-de-la-nation-atikamek\/\" \/>\n<meta property=\"og:site_name\" content=\"L\u00dcDIQ\" \/>\n<meta property=\"article:publisher\" content=\"https:\/\/www.facebook.com\/ludiq.org?locale=fr_CA\" \/>\n<meta property=\"article:published_time\" content=\"2025-09-19T13:47:45+00:00\" \/>\n<meta property=\"og:image\" content=\"https:\/\/ludiq.org\/wp-content\/uploads\/2025\/09\/1758723500161.jpeg\" \/>\n\t<meta property=\"og:image:width\" content=\"1200\" \/>\n\t<meta property=\"og:image:height\" content=\"1200\" \/>\n\t<meta property=\"og:image:type\" content=\"image\/jpeg\" \/>\n<meta name=\"author\" content=\"Ludiq\" \/>\n<meta name=\"twitter:card\" content=\"summary_large_image\" \/>\n<meta name=\"twitter:label1\" content=\"Written by\" \/>\n\t<meta name=\"twitter:data1\" content=\"Ludiq\" \/>\n\t<meta name=\"twitter:label2\" content=\"Est. reading time\" \/>\n\t<meta name=\"twitter:data2\" content=\"1 minute\" \/>\n<script type=\"application\/ld+json\" class=\"yoast-schema-graph\">{\"@context\":\"https:\/\/schema.org\",\"@graph\":[{\"@type\":\"Article\",\"@id\":\"https:\/\/ludiq.org\/en\/non-categorise\/visite-de-la-ville-de-la-tuque-et-du-conseil-de-la-nation-atikamek\/#article\",\"isPartOf\":{\"@id\":\"https:\/\/ludiq.org\/en\/non-categorise\/visite-de-la-ville-de-la-tuque-et-du-conseil-de-la-nation-atikamek\/\"},\"author\":{\"name\":\"Ludiq\",\"@id\":\"https:\/\/ludiq.org\/#\/schema\/person\/020eab52aa327bd992f78c1e8ecbf126\"},\"headline\":\"Visite de la Ville de La Tuque et du Conseil de la Nation Atikamek\",\"datePublished\":\"2025-09-19T13:47:45+00:00\",\"mainEntityOfPage\":{\"@id\":\"https:\/\/ludiq.org\/en\/non-categorise\/visite-de-la-ville-de-la-tuque-et-du-conseil-de-la-nation-atikamek\/\"},\"wordCount\":114,\"publisher\":{\"@id\":\"https:\/\/ludiq.org\/#organization\"},\"image\":{\"@id\":\"https:\/\/ludiq.org\/en\/non-categorise\/visite-de-la-ville-de-la-tuque-et-du-conseil-de-la-nation-atikamek\/#primaryimage\"},\"thumbnailUrl\":\"https:\/\/ludiq.org\/wp-content\/uploads\/2025\/09\/1758723500158.jpeg\",\"articleSection\":[\"News\",\"News\"],\"inLanguage\":\"en-CA\"},{\"@type\":\"WebPage\",\"@id\":\"https:\/\/ludiq.org\/en\/non-categorise\/visite-de-la-ville-de-la-tuque-et-du-conseil-de-la-nation-atikamek\/\",\"url\":\"https:\/\/ludiq.org\/en\/non-categorise\/visite-de-la-ville-de-la-tuque-et-du-conseil-de-la-nation-atikamek\/\",\"name\":\"Visite de la Ville de La Tuque et du Conseil de la Nation Atikamek\",\"isPartOf\":{\"@id\":\"https:\/\/ludiq.org\/#website\"},\"primaryImageOfPage\":{\"@id\":\"https:\/\/ludiq.org\/en\/non-categorise\/visite-de-la-ville-de-la-tuque-et-du-conseil-de-la-nation-atikamek\/#primaryimage\"},\"image\":{\"@id\":\"https:\/\/ludiq.org\/en\/non-categorise\/visite-de-la-ville-de-la-tuque-et-du-conseil-de-la-nation-atikamek\/#primaryimage\"},\"thumbnailUrl\":\"https:\/\/ludiq.org\/wp-content\/uploads\/2025\/09\/1758723500158.jpeg\",\"datePublished\":\"2025-09-19T13:47:45+00:00\",\"description\":\"Le 19 septembre 2025, L\u00dcDIQ a re\u00e7u la visite de plusieurs personnes importantes de la ville de La Tuque : - Tommy D\u00e9ziel, directeur du service \u00e9conomique\",\"breadcrumb\":{\"@id\":\"https:\/\/ludiq.org\/en\/non-categorise\/visite-de-la-ville-de-la-tuque-et-du-conseil-de-la-nation-atikamek\/#breadcrumb\"},\"inLanguage\":\"en-CA\",\"potentialAction\":[{\"@type\":\"ReadAction\",\"target\":[\"https:\/\/ludiq.org\/en\/non-categorise\/visite-de-la-ville-de-la-tuque-et-du-conseil-de-la-nation-atikamek\/\"]}]},{\"@type\":\"ImageObject\",\"inLanguage\":\"en-CA\",\"@id\":\"https:\/\/ludiq.org\/en\/non-categorise\/visite-de-la-ville-de-la-tuque-et-du-conseil-de-la-nation-atikamek\/#primaryimage\",\"url\":\"https:\/\/ludiq.org\/wp-content\/uploads\/2025\/09\/1758723500158.jpeg\",\"contentUrl\":\"https:\/\/ludiq.org\/wp-content\/uploads\/2025\/09\/1758723500158.jpeg\",\"width\":1200,\"height\":1200,\"caption\":\"Visite La Tuque L\u00dcDIQ\"},{\"@type\":\"BreadcrumbList\",\"@id\":\"https:\/\/ludiq.org\/en\/non-categorise\/visite-de-la-ville-de-la-tuque-et-du-conseil-de-la-nation-atikamek\/#breadcrumb\",\"itemListElement\":[{\"@type\":\"ListItem\",\"position\":1,\"name\":\"Accueil\",\"item\":\"https:\/\/ludiq.org\/en\/\"},{\"@type\":\"ListItem\",\"position\":2,\"name\":\"Visite de la Ville de La Tuque et du Conseil de la Nation Atikamek\"}]},{\"@type\":\"WebSite\",\"@id\":\"https:\/\/ludiq.org\/#website\",\"url\":\"https:\/\/ludiq.org\/\",\"name\":\"L\u00dcDIQ\",\"description\":\"B\u00e2tir pour l&#039;enfance\",\"publisher\":{\"@id\":\"https:\/\/ludiq.org\/#organization\"},\"potentialAction\":[{\"@type\":\"SearchAction\",\"target\":{\"@type\":\"EntryPoint\",\"urlTemplate\":\"https:\/\/ludiq.org\/?s={search_term_string}\"},\"query-input\":{\"@type\":\"PropertyValueSpecification\",\"valueRequired\":true,\"valueName\":\"search_term_string\"}}],\"inLanguage\":\"en-CA\"},{\"@type\":\"Organization\",\"@id\":\"https:\/\/ludiq.org\/#organization\",\"name\":\"L\u00dcDIQ\",\"url\":\"https:\/\/ludiq.org\/\",\"logo\":{\"@type\":\"ImageObject\",\"inLanguage\":\"en-CA\",\"@id\":\"https:\/\/ludiq.org\/#\/schema\/logo\/image\/\",\"url\":\"https:\/\/ludiq.org\/wp-content\/uploads\/2025\/07\/favicon.png\",\"contentUrl\":\"https:\/\/ludiq.org\/wp-content\/uploads\/2025\/07\/favicon.png\",\"width\":33,\"height\":33,\"caption\":\"L\u00dcDIQ\"},\"image\":{\"@id\":\"https:\/\/ludiq.org\/#\/schema\/logo\/image\/\"},\"sameAs\":[\"https:\/\/www.facebook.com\/ludiq.org?locale=fr_CA\",\"https:\/\/www.linkedin.com\/company\/ldiq\/posts\/\",\"https:\/\/www.instagram.com\/ludiq_obnl\/\"]},{\"@type\":\"Person\",\"@id\":\"https:\/\/ludiq.org\/#\/schema\/person\/020eab52aa327bd992f78c1e8ecbf126\",\"name\":\"Ludiq\",\"url\":\"https:\/\/ludiq.org\/en\/author\/ludiq\/\"}]}<\/script>\n<!-- \/ Yoast SEO plugin. -->","yoast_head_json":{"title":"Visite de la Ville de La Tuque et du Conseil de la Nation Atikamek","description":"Le 19 septembre 2025, L\u00dcDIQ a re\u00e7u la visite de plusieurs personnes importantes de la ville de La Tuque : - Tommy D\u00e9ziel, directeur du service \u00e9conomique","robots":{"index":"index","follow":"follow","max-snippet":"max-snippet:-1","max-image-preview":"max-image-preview:large","max-video-preview":"max-video-preview:-1"},"canonical":"https:\/\/ludiq.org\/en\/non-categorise\/visite-de-la-ville-de-la-tuque-et-du-conseil-de-la-nation-atikamek\/","og_locale":"en_US","og_type":"article","og_title":"Visite de la Ville de La Tuque et du Conseil de la Nation Atikamek","og_description":"Le 19 septembre 2025, L\u00dcDIQ a re\u00e7u la visite de plusieurs personnes importantes de la ville de La Tuque : - Tommy D\u00e9ziel, directeur du service \u00e9conomique","og_url":"https:\/\/ludiq.org\/en\/non-categorise\/visite-de-la-ville-de-la-tuque-et-du-conseil-de-la-nation-atikamek\/","og_site_name":"L\u00dcDIQ","article_publisher":"https:\/\/www.facebook.com\/ludiq.org?locale=fr_CA","article_published_time":"2025-09-19T13:47:45+00:00","og_image":[{"width":1200,"height":1200,"url":"https:\/\/ludiq.org\/wp-content\/uploads\/2025\/09\/1758723500161.jpeg","type":"image\/jpeg"}],"author":"Ludiq","twitter_card":"summary_large_image","twitter_misc":{"Written by":"Ludiq","Est. reading time":"1 minute"},"schema":{"@context":"https:\/\/schema.org","@graph":[{"@type":"Article","@id":"https:\/\/ludiq.org\/en\/non-categorise\/visite-de-la-ville-de-la-tuque-et-du-conseil-de-la-nation-atikamek\/#article","isPartOf":{"@id":"https:\/\/ludiq.org\/en\/non-categorise\/visite-de-la-ville-de-la-tuque-et-du-conseil-de-la-nation-atikamek\/"},"author":{"name":"Ludiq","@id":"https:\/\/ludiq.org\/#\/schema\/person\/020eab52aa327bd992f78c1e8ecbf126"},"headline":"Visite de la Ville de La Tuque et du Conseil de la Nation Atikamek","datePublished":"2025-09-19T13:47:45+00:00","mainEntityOfPage":{"@id":"https:\/\/ludiq.org\/en\/non-categorise\/visite-de-la-ville-de-la-tuque-et-du-conseil-de-la-nation-atikamek\/"},"wordCount":114,"publisher":{"@id":"https:\/\/ludiq.org\/#organization"},"image":{"@id":"https:\/\/ludiq.org\/en\/non-categorise\/visite-de-la-ville-de-la-tuque-et-du-conseil-de-la-nation-atikamek\/#primaryimage"},"thumbnailUrl":"https:\/\/ludiq.org\/wp-content\/uploads\/2025\/09\/1758723500158.jpeg","articleSection":["News","News"],"inLanguage":"en-CA"},{"@type":"WebPage","@id":"https:\/\/ludiq.org\/en\/non-categorise\/visite-de-la-ville-de-la-tuque-et-du-conseil-de-la-nation-atikamek\/","url":"https:\/\/ludiq.org\/en\/non-categorise\/visite-de-la-ville-de-la-tuque-et-du-conseil-de-la-nation-atikamek\/","name":"Visite de la Ville de La Tuque et du Conseil de la Nation Atikamek","isPartOf":{"@id":"https:\/\/ludiq.org\/#website"},"primaryImageOfPage":{"@id":"https:\/\/ludiq.org\/en\/non-categorise\/visite-de-la-ville-de-la-tuque-et-du-conseil-de-la-nation-atikamek\/#primaryimage"},"image":{"@id":"https:\/\/ludiq.org\/en\/non-categorise\/visite-de-la-ville-de-la-tuque-et-du-conseil-de-la-nation-atikamek\/#primaryimage"},"thumbnailUrl":"https:\/\/ludiq.org\/wp-content\/uploads\/2025\/09\/1758723500158.jpeg","datePublished":"2025-09-19T13:47:45+00:00","description":"Le 19 septembre 2025, L\u00dcDIQ a re\u00e7u la visite de plusieurs personnes importantes de la ville de La Tuque : - Tommy D\u00e9ziel, directeur du service \u00e9conomique","breadcrumb":{"@id":"https:\/\/ludiq.org\/en\/non-categorise\/visite-de-la-ville-de-la-tuque-et-du-conseil-de-la-nation-atikamek\/#breadcrumb"},"inLanguage":"en-CA","potentialAction":[{"@type":"ReadAction","target":["https:\/\/ludiq.org\/en\/non-categorise\/visite-de-la-ville-de-la-tuque-et-du-conseil-de-la-nation-atikamek\/"]}]},{"@type":"ImageObject","inLanguage":"en-CA","@id":"https:\/\/ludiq.org\/en\/non-categorise\/visite-de-la-ville-de-la-tuque-et-du-conseil-de-la-nation-atikamek\/#primaryimage","url":"https:\/\/ludiq.org\/wp-content\/uploads\/2025\/09\/1758723500158.jpeg","contentUrl":"https:\/\/ludiq.org\/wp-content\/uploads\/2025\/09\/1758723500158.jpeg","width":1200,"height":1200,"caption":"Visite La Tuque L\u00dcDIQ"},{"@type":"BreadcrumbList","@id":"https:\/\/ludiq.org\/en\/non-categorise\/visite-de-la-ville-de-la-tuque-et-du-conseil-de-la-nation-atikamek\/#breadcrumb","itemListElement":[{"@type":"ListItem","position":1,"name":"Accueil","item":"https:\/\/ludiq.org\/en\/"},{"@type":"ListItem","position":2,"name":"Visite de la Ville de La Tuque et du Conseil de la Nation Atikamek"}]},{"@type":"WebSite","@id":"https:\/\/ludiq.org\/#website","url":"https:\/\/ludiq.org\/","name":"L\u00dcDIQ","description":"B\u00e2tir pour l&#039;enfance","publisher":{"@id":"https:\/\/ludiq.org\/#organization"},"potentialAction":[{"@type":"SearchAction","target":{"@type":"EntryPoint","urlTemplate":"https:\/\/ludiq.org\/?s={search_term_string}"},"query-input":{"@type":"PropertyValueSpecification","valueRequired":true,"valueName":"search_term_string"}}],"inLanguage":"en-CA"},{"@type":"Organization","@id":"https:\/\/ludiq.org\/#organization","name":"L\u00dcDIQ","url":"https:\/\/ludiq.org\/","logo":{"@type":"ImageObject","inLanguage":"en-CA","@id":"https:\/\/ludiq.org\/#\/schema\/logo\/image\/","url":"https:\/\/ludiq.org\/wp-content\/uploads\/2025\/07\/favicon.png","contentUrl":"https:\/\/ludiq.org\/wp-content\/uploads\/2025\/07\/favicon.png","width":33,"height":33,"caption":"L\u00dcDIQ"},"image":{"@id":"https:\/\/ludiq.org\/#\/schema\/logo\/image\/"},"sameAs":["https:\/\/www.facebook.com\/ludiq.org?locale=fr_CA","https:\/\/www.linkedin.com\/company\/ldiq\/posts\/","https:\/\/www.instagram.com\/ludiq_obnl\/"]},{"@type":"Person","@id":"https:\/\/ludiq.org\/#\/schema\/person\/020eab52aa327bd992f78c1e8ecbf126","name":"Ludiq","url":"https:\/\/ludiq.org\/en\/author\/ludiq\/"}]}},"_links":{"self":[{"href":"https:\/\/ludiq.org\/en\/wp-json\/wp\/v2\/posts\/2004","targetHints":{"allow":["GET"]}}],"collection":[{"href":"https:\/\/ludiq.org\/en\/wp-json\/wp\/v2\/posts"}],"about":[{"href":"https:\/\/ludiq.org\/en\/wp-json\/wp\/v2\/types\/post"}],"author":[{"embeddable":true,"href":"https:\/\/ludiq.org\/en\/wp-json\/wp\/v2\/users\/2"}],"replies":[{"embeddable":true,"href":"https:\/\/ludiq.org\/en\/wp-json\/wp\/v2\/comments?post=2004"}],"version-history":[{"count":0,"href":"https:\/\/ludiq.org\/en\/wp-json\/wp\/v2\/posts\/2004\/revisions"}],"wp:featuredmedia":[{"embeddable":true,"href":"https:\/\/ludiq.org\/en\/wp-json\/wp\/v2\/media\/2005"}],"wp:attachment":[{"href":"https:\/\/ludiq.org\/en\/wp-json\/wp\/v2\/media?parent=2004"}],"wp:term":[{"taxonomy":"category","embeddable":true,"href":"https:\/\/ludiq.org\/en\/wp-json\/wp\/v2\/categories?post=2004"},{"taxonomy":"post_tag","embeddable":true,"href":"https:\/\/ludiq.org\/en\/wp-json\/wp\/v2\/tags?post=2004"}],"curies":[{"name":"wp","href":"https:\/\/api.w.org\/{rel}","templated":true}]}}