{"id":2002,"date":"2025-09-20T20:26:23","date_gmt":"2025-09-21T00:26:23","guid":{"rendered":"https:\/\/ludiq.org\/non-categorise\/ludiq-a-la-fete-des-recoltes-et-de-la-diversite\/"},"modified":"2026-01-12T09:02:46","modified_gmt":"2026-01-12T14:02:46","slug":"ludiq-a-la-fete-des-recoltes-et-de-la-diversite","status":"publish","type":"post","link":"https:\/\/ludiq.org\/en\/news\/ludiq-a-la-fete-des-recoltes-et-de-la-diversite\/","title":{"rendered":"L\u00dcDIQ \u00e0 la F\u00eate des r\u00e9coltes et de la diversit\u00e9"},"content":{"rendered":"<p>L\u00dcDIQ a eu le plaisir de rencontrer les voisin\u00b7e\u00b7s de son premier projet trifluvien lors de la F\u00eate des r\u00e9coltes et de la diversit\u00e9 culturelle dans le quartier Ad\u00e9lard-Dugr\u00e9. Une belle occasion de pr\u00e9senter les plans, d&#8217;expliquer le concept et surtout, de r\u00e9pondre \u00e0 leurs questions.<\/p>\n<p>Ce moment d&#8217;\u00e9change nous rappelle l&#8217;importance de b\u00e2tir ensemble un milieu de vie qui refl\u00e8te la communaut\u00e9. Ce n&#8217;est qu&#8217;un d\u00e9but. D\u2019autres rencontres suivront bient\u00f4t! \ud83e\udd1d<\/p>\n","protected":false},"excerpt":{"rendered":"<p>L\u00dcDIQ a eu le plaisir de rencontrer les voisin\u00b7e\u00b7s de son premier projet trifluvien lors de la F\u00eate des r\u00e9coltes&hellip; <a class=\"more-link\" href=\"https:\/\/ludiq.org\/en\/news\/ludiq-a-la-fete-des-recoltes-et-de-la-diversite\/\">Continue reading <span class=\"screen-reader-text\">L\u00dcDIQ \u00e0 la F\u00eate des r\u00e9coltes et de la diversit\u00e9<\/span><\/a><\/p>\n","protected":false},"author":2,"featured_media":2000,"comment_status":"closed","ping_status":"closed","sticky":false,"template":"","format":"standard","meta":{"_acf_changed":false,"footnotes":""},"categories":[24,25],"tags":[],"class_list":["post-2002","post","type-post","status-publish","format-standard","has-post-thumbnail","hentry","category-news","category-actualites","entry"],"acf":[],"yoast_head":"<!-- This site is optimized with the Yoast SEO plugin v27.0 - https:\/\/yoast.com\/product\/yoast-seo-wordpress\/ -->\n<title>L\u00dcDIQ \u00e0 la F\u00eate des r\u00e9coltes et de la diversit\u00e9<\/title>\n<meta name=\"description\" content=\"L\u00dcDIQ a eu le plaisir de rencontrer les voisin\u00b7e\u00b7s de son premier projet trifluvien lors de la F\u00eate des r\u00e9coltes et de la diversit\u00e9 culturelle dans le\" \/>\n<meta name=\"robots\" content=\"index, follow, max-snippet:-1, max-image-preview:large, max-video-preview:-1\" \/>\n<link rel=\"canonical\" href=\"https:\/\/ludiq.org\/en\/news\/ludiq-a-la-fete-des-recoltes-et-de-la-diversite\/\" \/>\n<meta property=\"og:locale\" content=\"en_US\" \/>\n<meta property=\"og:type\" content=\"article\" \/>\n<meta property=\"og:title\" content=\"L\u00dcDIQ \u00e0 la F\u00eate des r\u00e9coltes et de la diversit\u00e9\" \/>\n<meta property=\"og:description\" content=\"L\u00dcDIQ a eu le plaisir de rencontrer les voisin\u00b7e\u00b7s de son premier projet trifluvien lors de la F\u00eate des r\u00e9coltes et de la diversit\u00e9 culturelle dans le\" \/>\n<meta property=\"og:url\" content=\"https:\/\/ludiq.org\/en\/news\/ludiq-a-la-fete-des-recoltes-et-de-la-diversite\/\" \/>\n<meta property=\"og:site_name\" content=\"L\u00dcDIQ\" \/>\n<meta property=\"article:publisher\" content=\"https:\/\/www.facebook.com\/ludiq.org?locale=fr_CA\" \/>\n<meta property=\"article:published_time\" content=\"2025-09-21T00:26:23+00:00\" \/>\n<meta property=\"article:modified_time\" content=\"2026-01-12T14:02:46+00:00\" \/>\n<meta property=\"og:image\" content=\"https:\/\/ludiq.org\/wp-content\/uploads\/2025\/10\/Fete-famille-LUDIQ.png\" \/>\n\t<meta property=\"og:image:width\" content=\"956\" \/>\n\t<meta property=\"og:image:height\" content=\"959\" \/>\n\t<meta property=\"og:image:type\" content=\"image\/png\" \/>\n<meta name=\"author\" content=\"Ludiq\" \/>\n<meta name=\"twitter:card\" content=\"summary_large_image\" \/>\n<meta name=\"twitter:label1\" content=\"Written by\" \/>\n\t<meta name=\"twitter:data1\" content=\"Ludiq\" \/>\n\t<meta name=\"twitter:label2\" content=\"Est. reading time\" \/>\n\t<meta name=\"twitter:data2\" content=\"1 minute\" \/>\n<script type=\"application\/ld+json\" class=\"yoast-schema-graph\">{\"@context\":\"https:\/\/schema.org\",\"@graph\":[{\"@type\":\"Article\",\"@id\":\"https:\/\/ludiq.org\/en\/news\/ludiq-a-la-fete-des-recoltes-et-de-la-diversite\/#article\",\"isPartOf\":{\"@id\":\"https:\/\/ludiq.org\/en\/news\/ludiq-a-la-fete-des-recoltes-et-de-la-diversite\/\"},\"author\":{\"name\":\"Ludiq\",\"@id\":\"https:\/\/ludiq.org\/#\/schema\/person\/020eab52aa327bd992f78c1e8ecbf126\"},\"headline\":\"L\u00dcDIQ \u00e0 la F\u00eate des r\u00e9coltes et de la diversit\u00e9\",\"datePublished\":\"2025-09-21T00:26:23+00:00\",\"dateModified\":\"2026-01-12T14:02:46+00:00\",\"mainEntityOfPage\":{\"@id\":\"https:\/\/ludiq.org\/en\/news\/ludiq-a-la-fete-des-recoltes-et-de-la-diversite\/\"},\"wordCount\":100,\"publisher\":{\"@id\":\"https:\/\/ludiq.org\/#organization\"},\"image\":{\"@id\":\"https:\/\/ludiq.org\/en\/news\/ludiq-a-la-fete-des-recoltes-et-de-la-diversite\/#primaryimage\"},\"thumbnailUrl\":\"https:\/\/ludiq.org\/wp-content\/uploads\/2025\/10\/Fete-famille-LUDIQ.png\",\"articleSection\":[\"News\",\"News\"],\"inLanguage\":\"en-CA\"},{\"@type\":\"WebPage\",\"@id\":\"https:\/\/ludiq.org\/en\/news\/ludiq-a-la-fete-des-recoltes-et-de-la-diversite\/\",\"url\":\"https:\/\/ludiq.org\/en\/news\/ludiq-a-la-fete-des-recoltes-et-de-la-diversite\/\",\"name\":\"L\u00dcDIQ \u00e0 la F\u00eate des r\u00e9coltes et de la diversit\u00e9\",\"isPartOf\":{\"@id\":\"https:\/\/ludiq.org\/#website\"},\"primaryImageOfPage\":{\"@id\":\"https:\/\/ludiq.org\/en\/news\/ludiq-a-la-fete-des-recoltes-et-de-la-diversite\/#primaryimage\"},\"image\":{\"@id\":\"https:\/\/ludiq.org\/en\/news\/ludiq-a-la-fete-des-recoltes-et-de-la-diversite\/#primaryimage\"},\"thumbnailUrl\":\"https:\/\/ludiq.org\/wp-content\/uploads\/2025\/10\/Fete-famille-LUDIQ.png\",\"datePublished\":\"2025-09-21T00:26:23+00:00\",\"dateModified\":\"2026-01-12T14:02:46+00:00\",\"description\":\"L\u00dcDIQ a eu le plaisir de rencontrer les voisin\u00b7e\u00b7s de son premier projet trifluvien lors de la F\u00eate des r\u00e9coltes et de la diversit\u00e9 culturelle dans le\",\"breadcrumb\":{\"@id\":\"https:\/\/ludiq.org\/en\/news\/ludiq-a-la-fete-des-recoltes-et-de-la-diversite\/#breadcrumb\"},\"inLanguage\":\"en-CA\",\"potentialAction\":[{\"@type\":\"ReadAction\",\"target\":[\"https:\/\/ludiq.org\/en\/news\/ludiq-a-la-fete-des-recoltes-et-de-la-diversite\/\"]}]},{\"@type\":\"ImageObject\",\"inLanguage\":\"en-CA\",\"@id\":\"https:\/\/ludiq.org\/en\/news\/ludiq-a-la-fete-des-recoltes-et-de-la-diversite\/#primaryimage\",\"url\":\"https:\/\/ludiq.org\/wp-content\/uploads\/2025\/10\/Fete-famille-LUDIQ.png\",\"contentUrl\":\"https:\/\/ludiq.org\/wp-content\/uploads\/2025\/10\/Fete-famille-LUDIQ.png\",\"width\":956,\"height\":959},{\"@type\":\"BreadcrumbList\",\"@id\":\"https:\/\/ludiq.org\/en\/news\/ludiq-a-la-fete-des-recoltes-et-de-la-diversite\/#breadcrumb\",\"itemListElement\":[{\"@type\":\"ListItem\",\"position\":1,\"name\":\"Accueil\",\"item\":\"https:\/\/ludiq.org\/en\/\"},{\"@type\":\"ListItem\",\"position\":2,\"name\":\"L\u00dcDIQ \u00e0 la F\u00eate des r\u00e9coltes et de la diversit\u00e9\"}]},{\"@type\":\"WebSite\",\"@id\":\"https:\/\/ludiq.org\/#website\",\"url\":\"https:\/\/ludiq.org\/\",\"name\":\"L\u00dcDIQ\",\"description\":\"B\u00e2tir pour l&#039;enfance\",\"publisher\":{\"@id\":\"https:\/\/ludiq.org\/#organization\"},\"potentialAction\":[{\"@type\":\"SearchAction\",\"target\":{\"@type\":\"EntryPoint\",\"urlTemplate\":\"https:\/\/ludiq.org\/?s={search_term_string}\"},\"query-input\":{\"@type\":\"PropertyValueSpecification\",\"valueRequired\":true,\"valueName\":\"search_term_string\"}}],\"inLanguage\":\"en-CA\"},{\"@type\":\"Organization\",\"@id\":\"https:\/\/ludiq.org\/#organization\",\"name\":\"L\u00dcDIQ\",\"url\":\"https:\/\/ludiq.org\/\",\"logo\":{\"@type\":\"ImageObject\",\"inLanguage\":\"en-CA\",\"@id\":\"https:\/\/ludiq.org\/#\/schema\/logo\/image\/\",\"url\":\"https:\/\/ludiq.org\/wp-content\/uploads\/2025\/07\/favicon.png\",\"contentUrl\":\"https:\/\/ludiq.org\/wp-content\/uploads\/2025\/07\/favicon.png\",\"width\":33,\"height\":33,\"caption\":\"L\u00dcDIQ\"},\"image\":{\"@id\":\"https:\/\/ludiq.org\/#\/schema\/logo\/image\/\"},\"sameAs\":[\"https:\/\/www.facebook.com\/ludiq.org?locale=fr_CA\",\"https:\/\/www.linkedin.com\/company\/ldiq\/posts\/\",\"https:\/\/www.instagram.com\/ludiq_obnl\/\"]},{\"@type\":\"Person\",\"@id\":\"https:\/\/ludiq.org\/#\/schema\/person\/020eab52aa327bd992f78c1e8ecbf126\",\"name\":\"Ludiq\",\"url\":\"https:\/\/ludiq.org\/en\/author\/ludiq\/\"}]}<\/script>\n<!-- \/ Yoast SEO plugin. -->","yoast_head_json":{"title":"L\u00dcDIQ \u00e0 la F\u00eate des r\u00e9coltes et de la diversit\u00e9","description":"L\u00dcDIQ a eu le plaisir de rencontrer les voisin\u00b7e\u00b7s de son premier projet trifluvien lors de la F\u00eate des r\u00e9coltes et de la diversit\u00e9 culturelle dans le","robots":{"index":"index","follow":"follow","max-snippet":"max-snippet:-1","max-image-preview":"max-image-preview:large","max-video-preview":"max-video-preview:-1"},"canonical":"https:\/\/ludiq.org\/en\/news\/ludiq-a-la-fete-des-recoltes-et-de-la-diversite\/","og_locale":"en_US","og_type":"article","og_title":"L\u00dcDIQ \u00e0 la F\u00eate des r\u00e9coltes et de la diversit\u00e9","og_description":"L\u00dcDIQ a eu le plaisir de rencontrer les voisin\u00b7e\u00b7s de son premier projet trifluvien lors de la F\u00eate des r\u00e9coltes et de la diversit\u00e9 culturelle dans le","og_url":"https:\/\/ludiq.org\/en\/news\/ludiq-a-la-fete-des-recoltes-et-de-la-diversite\/","og_site_name":"L\u00dcDIQ","article_publisher":"https:\/\/www.facebook.com\/ludiq.org?locale=fr_CA","article_published_time":"2025-09-21T00:26:23+00:00","article_modified_time":"2026-01-12T14:02:46+00:00","og_image":[{"width":956,"height":959,"url":"https:\/\/ludiq.org\/wp-content\/uploads\/2025\/10\/Fete-famille-LUDIQ.png","type":"image\/png"}],"author":"Ludiq","twitter_card":"summary_large_image","twitter_misc":{"Written by":"Ludiq","Est. reading time":"1 minute"},"schema":{"@context":"https:\/\/schema.org","@graph":[{"@type":"Article","@id":"https:\/\/ludiq.org\/en\/news\/ludiq-a-la-fete-des-recoltes-et-de-la-diversite\/#article","isPartOf":{"@id":"https:\/\/ludiq.org\/en\/news\/ludiq-a-la-fete-des-recoltes-et-de-la-diversite\/"},"author":{"name":"Ludiq","@id":"https:\/\/ludiq.org\/#\/schema\/person\/020eab52aa327bd992f78c1e8ecbf126"},"headline":"L\u00dcDIQ \u00e0 la F\u00eate des r\u00e9coltes et de la diversit\u00e9","datePublished":"2025-09-21T00:26:23+00:00","dateModified":"2026-01-12T14:02:46+00:00","mainEntityOfPage":{"@id":"https:\/\/ludiq.org\/en\/news\/ludiq-a-la-fete-des-recoltes-et-de-la-diversite\/"},"wordCount":100,"publisher":{"@id":"https:\/\/ludiq.org\/#organization"},"image":{"@id":"https:\/\/ludiq.org\/en\/news\/ludiq-a-la-fete-des-recoltes-et-de-la-diversite\/#primaryimage"},"thumbnailUrl":"https:\/\/ludiq.org\/wp-content\/uploads\/2025\/10\/Fete-famille-LUDIQ.png","articleSection":["News","News"],"inLanguage":"en-CA"},{"@type":"WebPage","@id":"https:\/\/ludiq.org\/en\/news\/ludiq-a-la-fete-des-recoltes-et-de-la-diversite\/","url":"https:\/\/ludiq.org\/en\/news\/ludiq-a-la-fete-des-recoltes-et-de-la-diversite\/","name":"L\u00dcDIQ \u00e0 la F\u00eate des r\u00e9coltes et de la diversit\u00e9","isPartOf":{"@id":"https:\/\/ludiq.org\/#website"},"primaryImageOfPage":{"@id":"https:\/\/ludiq.org\/en\/news\/ludiq-a-la-fete-des-recoltes-et-de-la-diversite\/#primaryimage"},"image":{"@id":"https:\/\/ludiq.org\/en\/news\/ludiq-a-la-fete-des-recoltes-et-de-la-diversite\/#primaryimage"},"thumbnailUrl":"https:\/\/ludiq.org\/wp-content\/uploads\/2025\/10\/Fete-famille-LUDIQ.png","datePublished":"2025-09-21T00:26:23+00:00","dateModified":"2026-01-12T14:02:46+00:00","description":"L\u00dcDIQ a eu le plaisir de rencontrer les voisin\u00b7e\u00b7s de son premier projet trifluvien lors de la F\u00eate des r\u00e9coltes et de la diversit\u00e9 culturelle dans le","breadcrumb":{"@id":"https:\/\/ludiq.org\/en\/news\/ludiq-a-la-fete-des-recoltes-et-de-la-diversite\/#breadcrumb"},"inLanguage":"en-CA","potentialAction":[{"@type":"ReadAction","target":["https:\/\/ludiq.org\/en\/news\/ludiq-a-la-fete-des-recoltes-et-de-la-diversite\/"]}]},{"@type":"ImageObject","inLanguage":"en-CA","@id":"https:\/\/ludiq.org\/en\/news\/ludiq-a-la-fete-des-recoltes-et-de-la-diversite\/#primaryimage","url":"https:\/\/ludiq.org\/wp-content\/uploads\/2025\/10\/Fete-famille-LUDIQ.png","contentUrl":"https:\/\/ludiq.org\/wp-content\/uploads\/2025\/10\/Fete-famille-LUDIQ.png","width":956,"height":959},{"@type":"BreadcrumbList","@id":"https:\/\/ludiq.org\/en\/news\/ludiq-a-la-fete-des-recoltes-et-de-la-diversite\/#breadcrumb","itemListElement":[{"@type":"ListItem","position":1,"name":"Accueil","item":"https:\/\/ludiq.org\/en\/"},{"@type":"ListItem","position":2,"name":"L\u00dcDIQ \u00e0 la F\u00eate des r\u00e9coltes et de la diversit\u00e9"}]},{"@type":"WebSite","@id":"https:\/\/ludiq.org\/#website","url":"https:\/\/ludiq.org\/","name":"L\u00dcDIQ","description":"B\u00e2tir pour l&#039;enfance","publisher":{"@id":"https:\/\/ludiq.org\/#organization"},"potentialAction":[{"@type":"SearchAction","target":{"@type":"EntryPoint","urlTemplate":"https:\/\/ludiq.org\/?s={search_term_string}"},"query-input":{"@type":"PropertyValueSpecification","valueRequired":true,"valueName":"search_term_string"}}],"inLanguage":"en-CA"},{"@type":"Organization","@id":"https:\/\/ludiq.org\/#organization","name":"L\u00dcDIQ","url":"https:\/\/ludiq.org\/","logo":{"@type":"ImageObject","inLanguage":"en-CA","@id":"https:\/\/ludiq.org\/#\/schema\/logo\/image\/","url":"https:\/\/ludiq.org\/wp-content\/uploads\/2025\/07\/favicon.png","contentUrl":"https:\/\/ludiq.org\/wp-content\/uploads\/2025\/07\/favicon.png","width":33,"height":33,"caption":"L\u00dcDIQ"},"image":{"@id":"https:\/\/ludiq.org\/#\/schema\/logo\/image\/"},"sameAs":["https:\/\/www.facebook.com\/ludiq.org?locale=fr_CA","https:\/\/www.linkedin.com\/company\/ldiq\/posts\/","https:\/\/www.instagram.com\/ludiq_obnl\/"]},{"@type":"Person","@id":"https:\/\/ludiq.org\/#\/schema\/person\/020eab52aa327bd992f78c1e8ecbf126","name":"Ludiq","url":"https:\/\/ludiq.org\/en\/author\/ludiq\/"}]}},"_links":{"self":[{"href":"https:\/\/ludiq.org\/en\/wp-json\/wp\/v2\/posts\/2002","targetHints":{"allow":["GET"]}}],"collection":[{"href":"https:\/\/ludiq.org\/en\/wp-json\/wp\/v2\/posts"}],"about":[{"href":"https:\/\/ludiq.org\/en\/wp-json\/wp\/v2\/types\/post"}],"author":[{"embeddable":true,"href":"https:\/\/ludiq.org\/en\/wp-json\/wp\/v2\/users\/2"}],"replies":[{"embeddable":true,"href":"https:\/\/ludiq.org\/en\/wp-json\/wp\/v2\/comments?post=2002"}],"version-history":[{"count":1,"href":"https:\/\/ludiq.org\/en\/wp-json\/wp\/v2\/posts\/2002\/revisions"}],"predecessor-version":[{"id":2003,"href":"https:\/\/ludiq.org\/en\/wp-json\/wp\/v2\/posts\/2002\/revisions\/2003"}],"wp:featuredmedia":[{"embeddable":true,"href":"https:\/\/ludiq.org\/en\/wp-json\/wp\/v2\/media\/2000"}],"wp:attachment":[{"href":"https:\/\/ludiq.org\/en\/wp-json\/wp\/v2\/media?parent=2002"}],"wp:term":[{"taxonomy":"category","embeddable":true,"href":"https:\/\/ludiq.org\/en\/wp-json\/wp\/v2\/categories?post=2002"},{"taxonomy":"post_tag","embeddable":true,"href":"https:\/\/ludiq.org\/en\/wp-json\/wp\/v2\/tags?post=2002"}],"curies":[{"name":"wp","href":"https:\/\/api.w.org\/{rel}","templated":true}]}}