{"id":1987,"date":"2025-11-10T08:39:11","date_gmt":"2025-11-10T13:39:11","guid":{"rendered":"https:\/\/ludiq.org\/non-categorise\/rencontre-avec-le-departement-et-durbanisme-de-la-ville-de-trois-rivieres-en-vue-du-demarrage-de-la-construction\/"},"modified":"2025-11-10T08:39:11","modified_gmt":"2025-11-10T13:39:11","slug":"rencontre-avec-le-departement-et-durbanisme-de-la-ville-de-trois-rivieres-en-vue-du-demarrage-de-la-construction","status":"publish","type":"post","link":"https:\/\/ludiq.org\/en\/news\/rencontre-avec-le-departement-et-durbanisme-de-la-ville-de-trois-rivieres-en-vue-du-demarrage-de-la-construction\/","title":{"rendered":"Rencontre avec le d\u00e9partement et d&#8217;urbanisme de la Ville de Trois-Rivi\u00e8res en vue du d\u00e9marrage de la construction"},"content":{"rendered":"<p>Accompagn\u00e9 de ses partenaires pr\u00e9cieux et expert\u00b7es en am\u00e9nagement, en r\u00e8glementation et en affaires publiques, L\u00dcDIQ poursuit ses discussions avec la Ville de Trois-Rivi\u00e8res en vue du d\u00e9marrage de la construction de son premier projet de 99 logements \u00e0 Trois-Rivi\u00e8res.<\/p>\n<p>Merci au d\u00e9partement d&#8217;am\u00e9nagement et d&#8217;urbanisme de la Ville pour son \u00e9coute et son ouverture \u00e0 la collaboration.<\/p>\n<p>Merci aux collaborateurs\u00b7trices Richard Ryan, Alex Boudreault-Leclerc de Soci\u00e9t\u00e9 de d\u00e9veloppement de l&#8217;Est (SDE) et \u00e0 Karine Casault\u00a0de nacelles&amp;co.<\/p>\n<p>Gr\u00e2ce \u00e0 vous tous et toutes, on se rapproche de notre objectif collectif de logement hors march\u00e9 abordable.<\/p>\n","protected":false},"excerpt":{"rendered":"<p>Accompagn\u00e9 de ses partenaires pr\u00e9cieux et expert\u00b7es en am\u00e9nagement, en r\u00e8glementation et en affaires publiques, L\u00dcDIQ poursuit ses discussions avec&hellip; <a class=\"more-link\" href=\"https:\/\/ludiq.org\/en\/news\/rencontre-avec-le-departement-et-durbanisme-de-la-ville-de-trois-rivieres-en-vue-du-demarrage-de-la-construction\/\">Continue reading <span class=\"screen-reader-text\">Rencontre avec le d\u00e9partement et d&#8217;urbanisme de la Ville de Trois-Rivi\u00e8res en vue du d\u00e9marrage de la construction<\/span><\/a><\/p>\n","protected":false},"author":2,"featured_media":1988,"comment_status":"closed","ping_status":"closed","sticky":false,"template":"","format":"standard","meta":{"_acf_changed":false,"footnotes":""},"categories":[24,25],"tags":[],"class_list":["post-1987","post","type-post","status-publish","format-standard","has-post-thumbnail","hentry","category-news","category-actualites","entry"],"acf":[],"yoast_head":"<!-- This site is optimized with the Yoast SEO plugin v27.0 - https:\/\/yoast.com\/product\/yoast-seo-wordpress\/ -->\n<title>Rencontre avec le d\u00e9partement et d&#039;urbanisme de la Ville de Trois-Rivi\u00e8res en vue du d\u00e9marrage de la construction<\/title>\n<meta name=\"description\" content=\"Accompagn\u00e9 de ses partenaires pr\u00e9cieux et expert\u00b7es en am\u00e9nagement, en r\u00e8glementation et en affaires publiques, L\u00dcDIQ poursuit ses discussions avec la\" \/>\n<meta name=\"robots\" content=\"index, follow, max-snippet:-1, max-image-preview:large, max-video-preview:-1\" \/>\n<link rel=\"canonical\" href=\"https:\/\/ludiq.org\/en\/non-categorise\/rencontre-avec-le-departement-et-durbanisme-de-la-ville-de-trois-rivieres-en-vue-du-demarrage-de-la-construction\/\" \/>\n<meta property=\"og:locale\" content=\"en_US\" \/>\n<meta property=\"og:type\" content=\"article\" \/>\n<meta property=\"og:title\" content=\"Rencontre avec le d\u00e9partement et d&#039;urbanisme de la Ville de Trois-Rivi\u00e8res en vue du d\u00e9marrage de la construction\" \/>\n<meta property=\"og:description\" content=\"Accompagn\u00e9 de ses partenaires pr\u00e9cieux et expert\u00b7es en am\u00e9nagement, en r\u00e8glementation et en affaires publiques, L\u00dcDIQ poursuit ses discussions avec la\" \/>\n<meta property=\"og:url\" content=\"https:\/\/ludiq.org\/en\/non-categorise\/rencontre-avec-le-departement-et-durbanisme-de-la-ville-de-trois-rivieres-en-vue-du-demarrage-de-la-construction\/\" \/>\n<meta property=\"og:site_name\" content=\"L\u00dcDIQ\" \/>\n<meta property=\"article:publisher\" content=\"https:\/\/www.facebook.com\/ludiq.org?locale=fr_CA\" \/>\n<meta property=\"article:published_time\" content=\"2025-11-10T13:39:11+00:00\" \/>\n<meta name=\"author\" content=\"Ludiq\" \/>\n<meta name=\"twitter:card\" content=\"summary_large_image\" \/>\n<meta name=\"twitter:label1\" content=\"Written by\" \/>\n\t<meta name=\"twitter:data1\" content=\"Ludiq\" \/>\n\t<meta name=\"twitter:label2\" content=\"Est. reading time\" \/>\n\t<meta name=\"twitter:data2\" content=\"1 minute\" \/>\n<script type=\"application\/ld+json\" class=\"yoast-schema-graph\">{\"@context\":\"https:\/\/schema.org\",\"@graph\":[{\"@type\":\"Article\",\"@id\":\"https:\/\/ludiq.org\/en\/non-categorise\/rencontre-avec-le-departement-et-durbanisme-de-la-ville-de-trois-rivieres-en-vue-du-demarrage-de-la-construction\/#article\",\"isPartOf\":{\"@id\":\"https:\/\/ludiq.org\/en\/non-categorise\/rencontre-avec-le-departement-et-durbanisme-de-la-ville-de-trois-rivieres-en-vue-du-demarrage-de-la-construction\/\"},\"author\":{\"name\":\"Ludiq\",\"@id\":\"https:\/\/ludiq.org\/#\/schema\/person\/020eab52aa327bd992f78c1e8ecbf126\"},\"headline\":\"Rencontre avec le d\u00e9partement et d&#8217;urbanisme de la Ville de Trois-Rivi\u00e8res en vue du d\u00e9marrage de la construction\",\"datePublished\":\"2025-11-10T13:39:11+00:00\",\"mainEntityOfPage\":{\"@id\":\"https:\/\/ludiq.org\/en\/non-categorise\/rencontre-avec-le-departement-et-durbanisme-de-la-ville-de-trois-rivieres-en-vue-du-demarrage-de-la-construction\/\"},\"wordCount\":132,\"publisher\":{\"@id\":\"https:\/\/ludiq.org\/#organization\"},\"image\":{\"@id\":\"https:\/\/ludiq.org\/en\/non-categorise\/rencontre-avec-le-departement-et-durbanisme-de-la-ville-de-trois-rivieres-en-vue-du-demarrage-de-la-construction\/#primaryimage\"},\"thumbnailUrl\":\"https:\/\/ludiq.org\/wp-content\/uploads\/2025\/11\/photo-3RV-scaled.jpg\",\"articleSection\":[\"News\",\"News\"],\"inLanguage\":\"en-CA\"},{\"@type\":\"WebPage\",\"@id\":\"https:\/\/ludiq.org\/en\/non-categorise\/rencontre-avec-le-departement-et-durbanisme-de-la-ville-de-trois-rivieres-en-vue-du-demarrage-de-la-construction\/\",\"url\":\"https:\/\/ludiq.org\/en\/non-categorise\/rencontre-avec-le-departement-et-durbanisme-de-la-ville-de-trois-rivieres-en-vue-du-demarrage-de-la-construction\/\",\"name\":\"Rencontre avec le d\u00e9partement et d'urbanisme de la Ville de Trois-Rivi\u00e8res en vue du d\u00e9marrage de la construction\",\"isPartOf\":{\"@id\":\"https:\/\/ludiq.org\/#website\"},\"primaryImageOfPage\":{\"@id\":\"https:\/\/ludiq.org\/en\/non-categorise\/rencontre-avec-le-departement-et-durbanisme-de-la-ville-de-trois-rivieres-en-vue-du-demarrage-de-la-construction\/#primaryimage\"},\"image\":{\"@id\":\"https:\/\/ludiq.org\/en\/non-categorise\/rencontre-avec-le-departement-et-durbanisme-de-la-ville-de-trois-rivieres-en-vue-du-demarrage-de-la-construction\/#primaryimage\"},\"thumbnailUrl\":\"https:\/\/ludiq.org\/wp-content\/uploads\/2025\/11\/photo-3RV-scaled.jpg\",\"datePublished\":\"2025-11-10T13:39:11+00:00\",\"description\":\"Accompagn\u00e9 de ses partenaires pr\u00e9cieux et expert\u00b7es en am\u00e9nagement, en r\u00e8glementation et en affaires publiques, L\u00dcDIQ poursuit ses discussions avec la\",\"breadcrumb\":{\"@id\":\"https:\/\/ludiq.org\/en\/non-categorise\/rencontre-avec-le-departement-et-durbanisme-de-la-ville-de-trois-rivieres-en-vue-du-demarrage-de-la-construction\/#breadcrumb\"},\"inLanguage\":\"en-CA\",\"potentialAction\":[{\"@type\":\"ReadAction\",\"target\":[\"https:\/\/ludiq.org\/en\/non-categorise\/rencontre-avec-le-departement-et-durbanisme-de-la-ville-de-trois-rivieres-en-vue-du-demarrage-de-la-construction\/\"]}]},{\"@type\":\"ImageObject\",\"inLanguage\":\"en-CA\",\"@id\":\"https:\/\/ludiq.org\/en\/non-categorise\/rencontre-avec-le-departement-et-durbanisme-de-la-ville-de-trois-rivieres-en-vue-du-demarrage-de-la-construction\/#primaryimage\",\"url\":\"https:\/\/ludiq.org\/wp-content\/uploads\/2025\/11\/photo-3RV-scaled.jpg\",\"contentUrl\":\"https:\/\/ludiq.org\/wp-content\/uploads\/2025\/11\/photo-3RV-scaled.jpg\",\"width\":2560,\"height\":1920,\"caption\":\"Rencontre L\u00dcDIQ avec le d\u00e9partement et d'urbanisme de la Ville de Trois-Rivi\u00e8res en vue du d\u00e9marrage de la construction\"},{\"@type\":\"BreadcrumbList\",\"@id\":\"https:\/\/ludiq.org\/en\/non-categorise\/rencontre-avec-le-departement-et-durbanisme-de-la-ville-de-trois-rivieres-en-vue-du-demarrage-de-la-construction\/#breadcrumb\",\"itemListElement\":[{\"@type\":\"ListItem\",\"position\":1,\"name\":\"Accueil\",\"item\":\"https:\/\/ludiq.org\/en\/\"},{\"@type\":\"ListItem\",\"position\":2,\"name\":\"Rencontre avec le d\u00e9partement et d&#8217;urbanisme de la Ville de Trois-Rivi\u00e8res en vue du d\u00e9marrage de la construction\"}]},{\"@type\":\"WebSite\",\"@id\":\"https:\/\/ludiq.org\/#website\",\"url\":\"https:\/\/ludiq.org\/\",\"name\":\"L\u00dcDIQ\",\"description\":\"B\u00e2tir pour l&#039;enfance\",\"publisher\":{\"@id\":\"https:\/\/ludiq.org\/#organization\"},\"potentialAction\":[{\"@type\":\"SearchAction\",\"target\":{\"@type\":\"EntryPoint\",\"urlTemplate\":\"https:\/\/ludiq.org\/?s={search_term_string}\"},\"query-input\":{\"@type\":\"PropertyValueSpecification\",\"valueRequired\":true,\"valueName\":\"search_term_string\"}}],\"inLanguage\":\"en-CA\"},{\"@type\":\"Organization\",\"@id\":\"https:\/\/ludiq.org\/#organization\",\"name\":\"L\u00dcDIQ\",\"url\":\"https:\/\/ludiq.org\/\",\"logo\":{\"@type\":\"ImageObject\",\"inLanguage\":\"en-CA\",\"@id\":\"https:\/\/ludiq.org\/#\/schema\/logo\/image\/\",\"url\":\"https:\/\/ludiq.org\/wp-content\/uploads\/2025\/07\/favicon.png\",\"contentUrl\":\"https:\/\/ludiq.org\/wp-content\/uploads\/2025\/07\/favicon.png\",\"width\":33,\"height\":33,\"caption\":\"L\u00dcDIQ\"},\"image\":{\"@id\":\"https:\/\/ludiq.org\/#\/schema\/logo\/image\/\"},\"sameAs\":[\"https:\/\/www.facebook.com\/ludiq.org?locale=fr_CA\",\"https:\/\/www.linkedin.com\/company\/ldiq\/posts\/\",\"https:\/\/www.instagram.com\/ludiq_obnl\/\"]},{\"@type\":\"Person\",\"@id\":\"https:\/\/ludiq.org\/#\/schema\/person\/020eab52aa327bd992f78c1e8ecbf126\",\"name\":\"Ludiq\",\"url\":\"https:\/\/ludiq.org\/en\/author\/ludiq\/\"}]}<\/script>\n<!-- \/ Yoast SEO plugin. -->","yoast_head_json":{"title":"Rencontre avec le d\u00e9partement et d'urbanisme de la Ville de Trois-Rivi\u00e8res en vue du d\u00e9marrage de la construction","description":"Accompagn\u00e9 de ses partenaires pr\u00e9cieux et expert\u00b7es en am\u00e9nagement, en r\u00e8glementation et en affaires publiques, L\u00dcDIQ poursuit ses discussions avec la","robots":{"index":"index","follow":"follow","max-snippet":"max-snippet:-1","max-image-preview":"max-image-preview:large","max-video-preview":"max-video-preview:-1"},"canonical":"https:\/\/ludiq.org\/en\/non-categorise\/rencontre-avec-le-departement-et-durbanisme-de-la-ville-de-trois-rivieres-en-vue-du-demarrage-de-la-construction\/","og_locale":"en_US","og_type":"article","og_title":"Rencontre avec le d\u00e9partement et d'urbanisme de la Ville de Trois-Rivi\u00e8res en vue du d\u00e9marrage de la construction","og_description":"Accompagn\u00e9 de ses partenaires pr\u00e9cieux et expert\u00b7es en am\u00e9nagement, en r\u00e8glementation et en affaires publiques, L\u00dcDIQ poursuit ses discussions avec la","og_url":"https:\/\/ludiq.org\/en\/non-categorise\/rencontre-avec-le-departement-et-durbanisme-de-la-ville-de-trois-rivieres-en-vue-du-demarrage-de-la-construction\/","og_site_name":"L\u00dcDIQ","article_publisher":"https:\/\/www.facebook.com\/ludiq.org?locale=fr_CA","article_published_time":"2025-11-10T13:39:11+00:00","author":"Ludiq","twitter_card":"summary_large_image","twitter_misc":{"Written by":"Ludiq","Est. reading time":"1 minute"},"schema":{"@context":"https:\/\/schema.org","@graph":[{"@type":"Article","@id":"https:\/\/ludiq.org\/en\/non-categorise\/rencontre-avec-le-departement-et-durbanisme-de-la-ville-de-trois-rivieres-en-vue-du-demarrage-de-la-construction\/#article","isPartOf":{"@id":"https:\/\/ludiq.org\/en\/non-categorise\/rencontre-avec-le-departement-et-durbanisme-de-la-ville-de-trois-rivieres-en-vue-du-demarrage-de-la-construction\/"},"author":{"name":"Ludiq","@id":"https:\/\/ludiq.org\/#\/schema\/person\/020eab52aa327bd992f78c1e8ecbf126"},"headline":"Rencontre avec le d\u00e9partement et d&#8217;urbanisme de la Ville de Trois-Rivi\u00e8res en vue du d\u00e9marrage de la construction","datePublished":"2025-11-10T13:39:11+00:00","mainEntityOfPage":{"@id":"https:\/\/ludiq.org\/en\/non-categorise\/rencontre-avec-le-departement-et-durbanisme-de-la-ville-de-trois-rivieres-en-vue-du-demarrage-de-la-construction\/"},"wordCount":132,"publisher":{"@id":"https:\/\/ludiq.org\/#organization"},"image":{"@id":"https:\/\/ludiq.org\/en\/non-categorise\/rencontre-avec-le-departement-et-durbanisme-de-la-ville-de-trois-rivieres-en-vue-du-demarrage-de-la-construction\/#primaryimage"},"thumbnailUrl":"https:\/\/ludiq.org\/wp-content\/uploads\/2025\/11\/photo-3RV-scaled.jpg","articleSection":["News","News"],"inLanguage":"en-CA"},{"@type":"WebPage","@id":"https:\/\/ludiq.org\/en\/non-categorise\/rencontre-avec-le-departement-et-durbanisme-de-la-ville-de-trois-rivieres-en-vue-du-demarrage-de-la-construction\/","url":"https:\/\/ludiq.org\/en\/non-categorise\/rencontre-avec-le-departement-et-durbanisme-de-la-ville-de-trois-rivieres-en-vue-du-demarrage-de-la-construction\/","name":"Rencontre avec le d\u00e9partement et d'urbanisme de la Ville de Trois-Rivi\u00e8res en vue du d\u00e9marrage de la construction","isPartOf":{"@id":"https:\/\/ludiq.org\/#website"},"primaryImageOfPage":{"@id":"https:\/\/ludiq.org\/en\/non-categorise\/rencontre-avec-le-departement-et-durbanisme-de-la-ville-de-trois-rivieres-en-vue-du-demarrage-de-la-construction\/#primaryimage"},"image":{"@id":"https:\/\/ludiq.org\/en\/non-categorise\/rencontre-avec-le-departement-et-durbanisme-de-la-ville-de-trois-rivieres-en-vue-du-demarrage-de-la-construction\/#primaryimage"},"thumbnailUrl":"https:\/\/ludiq.org\/wp-content\/uploads\/2025\/11\/photo-3RV-scaled.jpg","datePublished":"2025-11-10T13:39:11+00:00","description":"Accompagn\u00e9 de ses partenaires pr\u00e9cieux et expert\u00b7es en am\u00e9nagement, en r\u00e8glementation et en affaires publiques, L\u00dcDIQ poursuit ses discussions avec la","breadcrumb":{"@id":"https:\/\/ludiq.org\/en\/non-categorise\/rencontre-avec-le-departement-et-durbanisme-de-la-ville-de-trois-rivieres-en-vue-du-demarrage-de-la-construction\/#breadcrumb"},"inLanguage":"en-CA","potentialAction":[{"@type":"ReadAction","target":["https:\/\/ludiq.org\/en\/non-categorise\/rencontre-avec-le-departement-et-durbanisme-de-la-ville-de-trois-rivieres-en-vue-du-demarrage-de-la-construction\/"]}]},{"@type":"ImageObject","inLanguage":"en-CA","@id":"https:\/\/ludiq.org\/en\/non-categorise\/rencontre-avec-le-departement-et-durbanisme-de-la-ville-de-trois-rivieres-en-vue-du-demarrage-de-la-construction\/#primaryimage","url":"https:\/\/ludiq.org\/wp-content\/uploads\/2025\/11\/photo-3RV-scaled.jpg","contentUrl":"https:\/\/ludiq.org\/wp-content\/uploads\/2025\/11\/photo-3RV-scaled.jpg","width":2560,"height":1920,"caption":"Rencontre L\u00dcDIQ avec le d\u00e9partement et d'urbanisme de la Ville de Trois-Rivi\u00e8res en vue du d\u00e9marrage de la construction"},{"@type":"BreadcrumbList","@id":"https:\/\/ludiq.org\/en\/non-categorise\/rencontre-avec-le-departement-et-durbanisme-de-la-ville-de-trois-rivieres-en-vue-du-demarrage-de-la-construction\/#breadcrumb","itemListElement":[{"@type":"ListItem","position":1,"name":"Accueil","item":"https:\/\/ludiq.org\/en\/"},{"@type":"ListItem","position":2,"name":"Rencontre avec le d\u00e9partement et d&#8217;urbanisme de la Ville de Trois-Rivi\u00e8res en vue du d\u00e9marrage de la construction"}]},{"@type":"WebSite","@id":"https:\/\/ludiq.org\/#website","url":"https:\/\/ludiq.org\/","name":"L\u00dcDIQ","description":"B\u00e2tir pour l&#039;enfance","publisher":{"@id":"https:\/\/ludiq.org\/#organization"},"potentialAction":[{"@type":"SearchAction","target":{"@type":"EntryPoint","urlTemplate":"https:\/\/ludiq.org\/?s={search_term_string}"},"query-input":{"@type":"PropertyValueSpecification","valueRequired":true,"valueName":"search_term_string"}}],"inLanguage":"en-CA"},{"@type":"Organization","@id":"https:\/\/ludiq.org\/#organization","name":"L\u00dcDIQ","url":"https:\/\/ludiq.org\/","logo":{"@type":"ImageObject","inLanguage":"en-CA","@id":"https:\/\/ludiq.org\/#\/schema\/logo\/image\/","url":"https:\/\/ludiq.org\/wp-content\/uploads\/2025\/07\/favicon.png","contentUrl":"https:\/\/ludiq.org\/wp-content\/uploads\/2025\/07\/favicon.png","width":33,"height":33,"caption":"L\u00dcDIQ"},"image":{"@id":"https:\/\/ludiq.org\/#\/schema\/logo\/image\/"},"sameAs":["https:\/\/www.facebook.com\/ludiq.org?locale=fr_CA","https:\/\/www.linkedin.com\/company\/ldiq\/posts\/","https:\/\/www.instagram.com\/ludiq_obnl\/"]},{"@type":"Person","@id":"https:\/\/ludiq.org\/#\/schema\/person\/020eab52aa327bd992f78c1e8ecbf126","name":"Ludiq","url":"https:\/\/ludiq.org\/en\/author\/ludiq\/"}]}},"_links":{"self":[{"href":"https:\/\/ludiq.org\/en\/wp-json\/wp\/v2\/posts\/1987","targetHints":{"allow":["GET"]}}],"collection":[{"href":"https:\/\/ludiq.org\/en\/wp-json\/wp\/v2\/posts"}],"about":[{"href":"https:\/\/ludiq.org\/en\/wp-json\/wp\/v2\/types\/post"}],"author":[{"embeddable":true,"href":"https:\/\/ludiq.org\/en\/wp-json\/wp\/v2\/users\/2"}],"replies":[{"embeddable":true,"href":"https:\/\/ludiq.org\/en\/wp-json\/wp\/v2\/comments?post=1987"}],"version-history":[{"count":0,"href":"https:\/\/ludiq.org\/en\/wp-json\/wp\/v2\/posts\/1987\/revisions"}],"wp:featuredmedia":[{"embeddable":true,"href":"https:\/\/ludiq.org\/en\/wp-json\/wp\/v2\/media\/1988"}],"wp:attachment":[{"href":"https:\/\/ludiq.org\/en\/wp-json\/wp\/v2\/media?parent=1987"}],"wp:term":[{"taxonomy":"category","embeddable":true,"href":"https:\/\/ludiq.org\/en\/wp-json\/wp\/v2\/categories?post=1987"},{"taxonomy":"post_tag","embeddable":true,"href":"https:\/\/ludiq.org\/en\/wp-json\/wp\/v2\/tags?post=1987"}],"curies":[{"name":"wp","href":"https:\/\/api.w.org\/{rel}","templated":true}]}}